{"id":7225,"date":"2025-10-18T06:36:44","date_gmt":"2025-10-18T06:36:44","guid":{"rendered":"https:\/\/sv-oberopfingen.de\/?p=7225"},"modified":"2025-10-18T06:36:44","modified_gmt":"2025-10-18T06:36:44","slug":"einladung-zum-oeffentlichen-klausenschiessen-2025","status":"publish","type":"post","link":"https:\/\/sv-oberopfingen.de\/?p=7225","title":{"rendered":"Einladung zum \u00f6ffentlichen Klausenschie\u00dfen 2025"},"content":{"rendered":"\n<p>Endlich ist es wieder soweit \u2013 das \u00f6ffentliche Nikolausschie\u00dfen f\u00fcr Jedermann steht wieder vor der T\u00fcr! Hierzu sind alle herzlichst eingeladen; im Besonderen nat\u00fcrlich auch alle Vereine und Vereinigungen in unserer Gemeinde.<\/p>\n\n\n\n<p><strong>Wie immer werden die aktiven Sch\u00fctzen wieder in einer eigenen Liga schie\u00dfen, sodass die Laien-Sch\u00fctzen und die aktiven Sch\u00fctzen untereinander jeweils den gr\u00f6\u00dften Hefeklaus ausschie\u00dfen<br>k\u00f6nnen.<\/strong><\/p>\n\n\n\n<p>Weiterhin ist auch die Mehrfachteilnahme m\u00f6glich, was hei\u00dft, dass ein Sch\u00fctze f\u00fcr mehrere Vereine starten kann und so seine Vereine bei der Meistbeteiligung unterst\u00fctzen kann.<\/p>\n\n\n\n<p><strong>Schie\u00dfzeiten:<\/strong><br>Beginn: Freitag, den 24.10.25<br>Ende: Freitag, 30.11.25<br>jeweils mittwochs und freitags ab 19 Uhr im Sch\u00fctzenheim in Oberopfingen (Alter Weg 1).<\/p>\n\n\n\n<p><strong>Preise:<\/strong><br>Den besten Schuss belohnen wir mit einem \u201eKlausenmann\u201c aus feinem Backwerk, dessen Gr\u00f6\u00dfe von der G\u00fcte deines Treffers abh\u00e4ngt.<\/p>\n\n\n\n<p><strong>Meistbeteiligung:<\/strong><br>Die drei Vereine, die den meisten Einschuss machen, erhalten: <\/p>\n\n\n\n<ol class=\"wp-block-list\">\n<li>Preis: Spitzdeckel + Geldpreis 200 \u20ac<\/li>\n\n\n\n<li>Preis: Spitzdeckel + Geldpreis 100 \u20ac<\/li>\n\n\n\n<li>Preis: Flachdeckel + Geldpreis 50 \u20ac<\/li>\n<\/ol>\n\n\n\n<p>1 Sch\u00fctze kann f\u00fcr verschiedene Vereine antreten.<\/p>\n\n\n\n<p><strong>Preisverteilung:<\/strong><br>Die Nikolausfeier mit Preisverteilung findet am Samstag, den 06.12.25 um 19 Uhr im Sch\u00fctzenheim in Oberopfingen statt.<\/p>\n\n\n\n<p><strong>Anmeldungen f\u00fcr Vereine<\/strong>&nbsp;bitte bei J\u00fcrgen Mendler (Handy: 0151 61992422) einreichen.<\/p>\n\n\n\n<p>Auf zahlreiche kleine und gro\u00dfe G\u00e4ste freut sich<br>Dein Sch\u00fctzenverein Illertal Oberopfingen e.V.<\/p>\n","protected":false},"excerpt":{"rendered":"<p>Endlich ist es wieder soweit \u2013 das \u00f6ffentliche Nikolausschie\u00dfen f\u00fcr Jedermann steht wieder vor der T\u00fcr! Hierzu sind alle herzlichst eingeladen; im Besonderen nat\u00fcrlich auch alle Vereine und Vereinigungen in\u2026<\/p>\n<p> <a class=\"continue-reading-link\" href=\"https:\/\/sv-oberopfingen.de\/?p=7225\"><span>weiterlesen &#8230;<\/span><i class=\"crycon-right-dir\"><\/i><\/a> <\/p>\n","protected":false},"author":1,"featured_media":0,"comment_status":"closed","ping_status":"closed","sticky":false,"template":"","format":"standard","meta":{"ngg_post_thumbnail":0,"jetpack_post_was_ever_published":false,"_jetpack_newsletter_access":"","_jetpack_dont_email_post_to_subs":false,"_jetpack_newsletter_tier_id":0,"_jetpack_memberships_contains_paywalled_content":false,"_jetpack_memberships_contains_paid_content":false,"footnotes":"","jetpack_publicize_message":"","jetpack_publicize_feature_enabled":true,"jetpack_social_post_already_shared":true,"jetpack_social_options":{"image_generator_settings":{"template":"highway","default_image_id":0,"font":"","enabled":false},"version":2}},"categories":[1],"tags":[],"class_list":["post-7225","post","type-post","status-publish","format-standard","hentry","category-uncategorized"],"jetpack_publicize_connections":[],"jetpack_featured_media_url":"","jetpack_sharing_enabled":true,"jetpack_shortlink":"https:\/\/wp.me\/p8tdTm-1Sx","jetpack-related-posts":[],"_links":{"self":[{"href":"https:\/\/sv-oberopfingen.de\/index.php?rest_route=\/wp\/v2\/posts\/7225","targetHints":{"allow":["GET"]}}],"collection":[{"href":"https:\/\/sv-oberopfingen.de\/index.php?rest_route=\/wp\/v2\/posts"}],"about":[{"href":"https:\/\/sv-oberopfingen.de\/index.php?rest_route=\/wp\/v2\/types\/post"}],"author":[{"embeddable":true,"href":"https:\/\/sv-oberopfingen.de\/index.php?rest_route=\/wp\/v2\/users\/1"}],"replies":[{"embeddable":true,"href":"https:\/\/sv-oberopfingen.de\/index.php?rest_route=%2Fwp%2Fv2%2Fcomments&post=7225"}],"version-history":[{"count":1,"href":"https:\/\/sv-oberopfingen.de\/index.php?rest_route=\/wp\/v2\/posts\/7225\/revisions"}],"predecessor-version":[{"id":7226,"href":"https:\/\/sv-oberopfingen.de\/index.php?rest_route=\/wp\/v2\/posts\/7225\/revisions\/7226"}],"wp:attachment":[{"href":"https:\/\/sv-oberopfingen.de\/index.php?rest_route=%2Fwp%2Fv2%2Fmedia&parent=7225"}],"wp:term":[{"taxonomy":"category","embeddable":true,"href":"https:\/\/sv-oberopfingen.de\/index.php?rest_route=%2Fwp%2Fv2%2Fcategories&post=7225"},{"taxonomy":"post_tag","embeddable":true,"href":"https:\/\/sv-oberopfingen.de\/index.php?rest_route=%2Fwp%2Fv2%2Ftags&post=7225"}],"curies":[{"name":"wp","href":"https:\/\/api.w.org\/{rel}","templated":true}]}}