{"id":3859,"date":"2020-02-15T07:41:50","date_gmt":"2020-02-15T07:41:50","guid":{"rendered":"http:\/\/sv-oberopfingen.de\/?p=3859"},"modified":"2020-02-15T07:41:50","modified_gmt":"2020-02-15T07:41:50","slug":"einladung-generalversammlung-2020","status":"publish","type":"post","link":"https:\/\/sv-oberopfingen.de\/?p=3859","title":{"rendered":"Einladung Generalversammlung 2020"},"content":{"rendered":"\n<p>Liebe Mitglieder,<br> hiermit laden wir Euch ganz herzlich zu unserer n\u00e4chsten Generalversammlung einladen. Diese findet statt am Samstag, den 15.02.2020, um 20.00 Uhr im Sch\u00fctzenheim Oberopfingen.<br> Die dazugeh\u00f6rige Tagesordnung lautet wie folgt:<\/p>\n\n\n\n<ol class=\"wp-block-list\"><li>Begr\u00fc\u00dfung durch den Vorsitzenden<\/li><li>Bericht des Schriftf\u00fchrers<\/li><li>Bericht des 1. Sch\u00fctzenmeisters<\/li><li>Bericht des Sportleiters<\/li><li>Bericht des 1. Jugendleiters<\/li><li>Bericht des Schatzmeisters<\/li><li>Bericht der Kassenpr\u00fcfer<\/li><li>Entlastung der Vorstandschaft<\/li><li>Wahlen<\/li><li>Ehrungen<\/li><li>W\u00fcnsche und Antr\u00e4ge<\/li><\/ol>\n\n\n\n<p> Falls bis 14.02.2020 keine schriftlichen Antr\u00e4ge eingehen, k\u00f6nnen in der Versammlung nur Wortmeldungen behandelt werden, die keiner Sitzung bed\u00fcrfen.<br> Au\u00dferdem gibt es f\u00fcr alle Vereinsmitglieder ein Essen und 2 Getr\u00e4nke gratis.<br> Dein Sch\u00fctzenverein Illertal Oberopfingen<\/p>\n\n\n\n<p><\/p>\n","protected":false},"excerpt":{"rendered":"<p>Liebe Mitglieder, hiermit laden wir Euch ganz herzlich zu unserer n\u00e4chsten Generalversammlung einladen. Diese findet statt am Samstag, den 15.02.2020, um 20.00 Uhr im Sch\u00fctzenheim Oberopfingen. Die dazugeh\u00f6rige Tagesordnung lautet\u2026<\/p>\n<p> <a class=\"continue-reading-link\" href=\"https:\/\/sv-oberopfingen.de\/?p=3859\"><span>weiterlesen &#8230;<\/span><i class=\"crycon-right-dir\"><\/i><\/a> <\/p>\n","protected":false},"author":1,"featured_media":0,"comment_status":"closed","ping_status":"closed","sticky":false,"template":"","format":"standard","meta":{"ngg_post_thumbnail":0,"jetpack_post_was_ever_published":false,"_jetpack_newsletter_access":"","_jetpack_dont_email_post_to_subs":false,"_jetpack_newsletter_tier_id":0,"_jetpack_memberships_contains_paywalled_content":false,"_jetpack_memberships_contains_paid_content":false,"footnotes":"","jetpack_publicize_message":"","jetpack_publicize_feature_enabled":true,"jetpack_social_post_already_shared":true,"jetpack_social_options":{"image_generator_settings":{"template":"highway","default_image_id":0,"font":"","enabled":false},"version":2}},"categories":[1],"tags":[],"class_list":["post-3859","post","type-post","status-publish","format-standard","hentry","category-uncategorized"],"jetpack_publicize_connections":[],"jetpack_featured_media_url":"","jetpack_sharing_enabled":true,"jetpack_shortlink":"https:\/\/wp.me\/p8tdTm-10f","jetpack-related-posts":[],"_links":{"self":[{"href":"https:\/\/sv-oberopfingen.de\/index.php?rest_route=\/wp\/v2\/posts\/3859","targetHints":{"allow":["GET"]}}],"collection":[{"href":"https:\/\/sv-oberopfingen.de\/index.php?rest_route=\/wp\/v2\/posts"}],"about":[{"href":"https:\/\/sv-oberopfingen.de\/index.php?rest_route=\/wp\/v2\/types\/post"}],"author":[{"embeddable":true,"href":"https:\/\/sv-oberopfingen.de\/index.php?rest_route=\/wp\/v2\/users\/1"}],"replies":[{"embeddable":true,"href":"https:\/\/sv-oberopfingen.de\/index.php?rest_route=%2Fwp%2Fv2%2Fcomments&post=3859"}],"version-history":[{"count":1,"href":"https:\/\/sv-oberopfingen.de\/index.php?rest_route=\/wp\/v2\/posts\/3859\/revisions"}],"predecessor-version":[{"id":3860,"href":"https:\/\/sv-oberopfingen.de\/index.php?rest_route=\/wp\/v2\/posts\/3859\/revisions\/3860"}],"wp:attachment":[{"href":"https:\/\/sv-oberopfingen.de\/index.php?rest_route=%2Fwp%2Fv2%2Fmedia&parent=3859"}],"wp:term":[{"taxonomy":"category","embeddable":true,"href":"https:\/\/sv-oberopfingen.de\/index.php?rest_route=%2Fwp%2Fv2%2Fcategories&post=3859"},{"taxonomy":"post_tag","embeddable":true,"href":"https:\/\/sv-oberopfingen.de\/index.php?rest_route=%2Fwp%2Fv2%2Ftags&post=3859"}],"curies":[{"name":"wp","href":"https:\/\/api.w.org\/{rel}","templated":true}]}}