{"id":3801,"date":"2019-10-15T17:05:00","date_gmt":"2019-10-15T17:05:00","guid":{"rendered":"http:\/\/sv-oberopfingen.de\/?p=3801"},"modified":"2019-10-15T17:05:00","modified_gmt":"2019-10-15T17:05:00","slug":"einladung-zum-oeffentlichen-klausenschiessen-2019","status":"publish","type":"post","link":"https:\/\/sv-oberopfingen.de\/?p=3801","title":{"rendered":"Einladung zum \u00f6ffentlichen Klausenschie\u00dfen 2019"},"content":{"rendered":"\n<p>Auch dieses Jahr wollen wir wieder unser traditionelles Klausenschie\u00dfen \u00f6ffentlich gestalten.<br> Das besagt, dass &#8211; neben unseren Vereinsmitgliedern &#8211; auch Laiensch\u00fctzen, die in unserer Gemeinde wohnen oder hier ihren Arbeitsplatz haben, teilnehmen k\u00f6nnen. Nat\u00fcrlich sind auch Mitglieder aller Vereine und Vereinigungen unserer Gesamtgemeinde und &#8211; wie allj\u00e4hrlich &#8211; unsere Illerbachener und Heimertinger Sch\u00fctzenkameraden eingeladen.<br> <strong>Wie immer werden die aktiven Sch\u00fctzen wieder in einer eigenen Liga schie\u00dfen, sodass die Laien- Sch\u00fctzen und die aktiven Sch\u00fctzen untereinander jeweils den gr\u00f6\u00dften Hefeklaus ausschie\u00dfen<br> k\u00f6nnen.<\/strong><br> Weiterhin ist auch die Mehrfachteilnahme m\u00f6glich, was hei\u00dft, dass ein Sch\u00fctze f\u00fcr mehrere Vereine starten kann und so seine Vereine bei der Meistbeteiligung unterst\u00fctzen kann.<\/p>\n\n\n\n<p><br><strong> Schie\u00dfzeiten:<\/strong><br> Beginn: Mittwoch, den 23.10.19<br> Ende: Freitag, 22.11.19<br> jeweils mittwochs und freitags ab 19 Uhr im Sch\u00fctzenheim in Oberopfingen (Alter Weg 1).<\/p>\n\n\n\n<p><br><strong> Preise:<\/strong><br> Jeden auswertbaren Schuss belohnen wir mit einem &#8222;Klausenmann&#8220; aus feinem Backwerk, dessen<br> Gr\u00f6\u00dfe von der G\u00fcte deines Treffers abh\u00e4ngt.<\/p>\n\n\n\n<p><br><strong> Meistbeteiligung:<\/strong><br> F\u00fcr den Verein, der den meisten Einschuss macht, veranstaltet der Sch\u00fctzenverein Oberopfingen ein gemeinsames Grillfest mit Spanferkel (begrenzt auf die Teilnehmerzahl).<\/p>\n\n\n\n<p><br><strong> Preisverteilung:<\/strong><br> Die Nikolausfeier mit Preisverteilung findet am Samstag, den 07.12.19 um 20 Uhr im Sch\u00fctzenheim<br> in Oberopfingen statt.<br><strong> Anmeldungen f\u00fcr Vereine <\/strong>bitte bei J\u00fcrgen Mendler (Handy: 0151 61992422) einreichen.<br> <br> Auf zahlreiche kleine und gro\u00dfe G\u00e4ste freut sich<br> Dein Sch\u00fctzenverein Illertal Oberopfingen e.V.<\/p>\n","protected":false},"excerpt":{"rendered":"<p>Auch dieses Jahr wollen wir wieder unser traditionelles Klausenschie\u00dfen \u00f6ffentlich gestalten. Das besagt, dass &#8211; neben unseren Vereinsmitgliedern &#8211; auch Laiensch\u00fctzen, die in unserer Gemeinde wohnen oder hier ihren Arbeitsplatz\u2026<\/p>\n<p> <a class=\"continue-reading-link\" href=\"https:\/\/sv-oberopfingen.de\/?p=3801\"><span>weiterlesen &#8230;<\/span><i class=\"crycon-right-dir\"><\/i><\/a> <\/p>\n","protected":false},"author":1,"featured_media":0,"comment_status":"closed","ping_status":"closed","sticky":false,"template":"","format":"standard","meta":{"ngg_post_thumbnail":0,"jetpack_post_was_ever_published":false,"_jetpack_newsletter_access":"","_jetpack_dont_email_post_to_subs":false,"_jetpack_newsletter_tier_id":0,"_jetpack_memberships_contains_paywalled_content":false,"_jetpack_memberships_contains_paid_content":false,"footnotes":"","jetpack_publicize_message":"","jetpack_publicize_feature_enabled":true,"jetpack_social_post_already_shared":true,"jetpack_social_options":{"image_generator_settings":{"template":"highway","default_image_id":0,"font":"","enabled":false},"version":2}},"categories":[1],"tags":[],"class_list":["post-3801","post","type-post","status-publish","format-standard","hentry","category-uncategorized"],"jetpack_publicize_connections":[],"jetpack_featured_media_url":"","jetpack_sharing_enabled":true,"jetpack_shortlink":"https:\/\/wp.me\/p8tdTm-Zj","jetpack-related-posts":[],"_links":{"self":[{"href":"https:\/\/sv-oberopfingen.de\/index.php?rest_route=\/wp\/v2\/posts\/3801","targetHints":{"allow":["GET"]}}],"collection":[{"href":"https:\/\/sv-oberopfingen.de\/index.php?rest_route=\/wp\/v2\/posts"}],"about":[{"href":"https:\/\/sv-oberopfingen.de\/index.php?rest_route=\/wp\/v2\/types\/post"}],"author":[{"embeddable":true,"href":"https:\/\/sv-oberopfingen.de\/index.php?rest_route=\/wp\/v2\/users\/1"}],"replies":[{"embeddable":true,"href":"https:\/\/sv-oberopfingen.de\/index.php?rest_route=%2Fwp%2Fv2%2Fcomments&post=3801"}],"version-history":[{"count":4,"href":"https:\/\/sv-oberopfingen.de\/index.php?rest_route=\/wp\/v2\/posts\/3801\/revisions"}],"predecessor-version":[{"id":3805,"href":"https:\/\/sv-oberopfingen.de\/index.php?rest_route=\/wp\/v2\/posts\/3801\/revisions\/3805"}],"wp:attachment":[{"href":"https:\/\/sv-oberopfingen.de\/index.php?rest_route=%2Fwp%2Fv2%2Fmedia&parent=3801"}],"wp:term":[{"taxonomy":"category","embeddable":true,"href":"https:\/\/sv-oberopfingen.de\/index.php?rest_route=%2Fwp%2Fv2%2Fcategories&post=3801"},{"taxonomy":"post_tag","embeddable":true,"href":"https:\/\/sv-oberopfingen.de\/index.php?rest_route=%2Fwp%2Fv2%2Ftags&post=3801"}],"curies":[{"name":"wp","href":"https:\/\/api.w.org\/{rel}","templated":true}]}}